[{"@context":"https:\/\/schema.org\/","@type":"Article","@id":"https:\/\/www.gratina.cz\/postavte-si-zimni-zahradu\/#Article","mainEntityOfPage":"https:\/\/www.gratina.cz\/postavte-si-zimni-zahradu\/","headline":"Postavte si zimn\u00ed zahradu","name":"Postavte si zimn\u00ed zahradu","description":"Zimn\u00ed zahrady to je p\u0159edev\u0161\u00edm radost z kr\u00e1sn\u00e9ho a jedine\u010dn\u00e9ho prost\u0159ed\u00ed. Je to vlastn\u011b p\u0159enesen\u00ed kusu p\u0159\u00edrody dom\u016f. Proto jsou zimn\u00ed zahrady tak n\u00e1dhern\u00e9 a tak jedine\u010dn\u00e9. V\u0159ele je m\u016f\u017eeme v\u0161em, kte\u0159\u00ed bydl\u00ed ve vlastn\u00edch rodinn\u00fdch domech jenom doporu\u010dit. Z\u00edsk\u00e1te m\u00edsto pro odpo\u010dinek, m\u00edsto, kde si m\u016f\u017eete u\u017e\u00edvat se sv\u00fdmi nejbli\u017e\u0161\u00edmi sv\u016fj voln\u00fd \u010das. Zimn\u00ed&hellip;<p class=\"more-link\"><a href=\"https:\/\/www.gratina.cz\/postavte-si-zimni-zahradu\/\" class=\"themebutton\">Read More<\/a><\/p>","datePublished":"2024-01-29","dateModified":"2024-01-29","author":{"@type":"Person","@id":"https:\/\/www.gratina.cz\/author\/#Person","name":"","url":"https:\/\/www.gratina.cz\/author\/","identifier":1,"image":{"@type":"ImageObject","@id":"https:\/\/secure.gravatar.com\/avatar\/091b4d684e9af597ec9885a078917281e353fb1084ff05c94355123dbb14e899?s=96&d=mm&r=g","url":"https:\/\/secure.gravatar.com\/avatar\/091b4d684e9af597ec9885a078917281e353fb1084ff05c94355123dbb14e899?s=96&d=mm&r=g","height":96,"width":96}},"publisher":{"@type":"Organization","name":"gratina.cz","logo":{"@type":"ImageObject","@id":"\/logo.png","url":"\/logo.png","width":600,"height":60}},"url":"https:\/\/www.gratina.cz\/postavte-si-zimni-zahradu\/","wordCount":172,"articleBody":"Zimn\u00ed zahrady to je p\u0159edev\u0161\u00edm radost z kr\u00e1sn\u00e9ho a jedine\u010dn\u00e9ho prost\u0159ed\u00ed. Je to vlastn\u011b p\u0159enesen\u00ed kusu p\u0159\u00edrody dom\u016f. Proto jsou zimn\u00ed zahrady tak n\u00e1dhern\u00e9 a tak jedine\u010dn\u00e9. V\u0159ele je m\u016f\u017eeme v\u0161em, kte\u0159\u00ed bydl\u00ed ve vlastn\u00edch rodinn\u00fdch domech jenom doporu\u010dit. Z\u00edsk\u00e1te m\u00edsto pro odpo\u010dinek, m\u00edsto, kde si m\u016f\u017eete u\u017e\u00edvat se sv\u00fdmi nejbli\u017e\u0161\u00edmi sv\u016fj voln\u00fd \u010das.Zimn\u00ed zahrada zp\u0159\u00edjemn\u00ed va\u0161e chv\u00edle volnaPo\u010d\u00edt\u00e1te vedle sv\u00e9ho domu se zimn\u00ed zahradou? Potom je nejvy\u0161\u0161\u00ed \u010das se na n\u00e1s obr\u00e1tit. R\u00e1di v\u00e1m pom\u016f\u017eeme s v\u00fdb\u011brem tvaru va\u0161\u00ed zimn\u00ed zahrady. Na\u0161e firma je skute\u010dn\u00fdm odborn\u00edkem na zimn\u00ed zahrady. Vyr\u00e1b\u00edme a montujeme je v\u00fdhradn\u011b v t\u00e9 nejvy\u0161\u0161\u00ed kvalit\u011b. Proto taky je vyr\u00e1b\u00edme pouze z kvalitn\u00edho hlin\u00edku. Ten je pro tento \u00fa\u010del nejvhodn\u011bj\u0161\u00edm materi\u00e1lem.                                                                                                                                                                                                                                                                                                                                                                                        4\/5 - (4 votes)        "},{"@context":"https:\/\/schema.org\/","@type":"BreadcrumbList","itemListElement":[{"@type":"ListItem","position":1,"name":"Postavte si zimn\u00ed zahradu","item":"https:\/\/www.gratina.cz\/postavte-si-zimni-zahradu\/#breadcrumbitem"}]}]