[{"@context":"https:\/\/schema.org\/","@type":"Blog","@id":"https:\/\/www.gratina.cz#Blog","headline":"Gratina","description":"\nK\u00a0tomu, aby lid\u00e9 mohli norm\u00e1ln\u011b \u017e\u00edt, se mus\u00ed neust\u00e1le vyd\u011bl\u00e1vat pen\u00edze a sou\u010dasn\u011b vyr\u00e1b\u011bt to, co by se za n\u011b dalo nakoupit. Kdy\u017e to tak nefunguje, je zle.","url":"https:\/\/www.gratina.cz","hasPart":[{"@type":"Article","@id":"https:\/\/www.gratina.cz\/vas-web-bude-konecne-videt\/","headline":"V\u00e1\u0161 web bude kone\u010dn\u011b vid\u011bt","url":"https:\/\/www.gratina.cz\/vas-web-bude-konecne-videt\/","datePublished":"2023-05-01","dateModified":"2023-05-01","mainEntityOfPage":"https:\/\/www.gratina.cz\/vas-web-bude-konecne-videt\/","author":{"@type":"Person","@id":"https:\/\/www.gratina.cz\/author\/#Person","name":"","url":"https:\/\/www.gratina.cz\/author\/","identifier":1,"image":{"@type":"ImageObject","@id":"https:\/\/secure.gravatar.com\/avatar\/091b4d684e9af597ec9885a078917281e353fb1084ff05c94355123dbb14e899?s=96&d=mm&r=g","url":"https:\/\/secure.gravatar.com\/avatar\/091b4d684e9af597ec9885a078917281e353fb1084ff05c94355123dbb14e899?s=96&d=mm&r=g","height":96,"width":96}},"publisher":{"@type":"Organization","name":"gratina.cz","logo":{"@type":"ImageObject","@id":"\/logo.png","url":"\/logo.png","width":600,"height":60}},"image":null,"wordCount":463,"keywords":null},{"@type":"Article","@id":"https:\/\/www.gratina.cz\/snadny-nakup\/","headline":"Snadn\u00fd n\u00e1kup","url":"https:\/\/www.gratina.cz\/snadny-nakup\/","datePublished":"2023-04-27","dateModified":"2024-04-29","mainEntityOfPage":"https:\/\/www.gratina.cz\/snadny-nakup\/","author":{"@type":"Person","@id":"https:\/\/www.gratina.cz\/author\/#Person","name":"","url":"https:\/\/www.gratina.cz\/author\/","identifier":1,"image":{"@type":"ImageObject","@id":"https:\/\/secure.gravatar.com\/avatar\/091b4d684e9af597ec9885a078917281e353fb1084ff05c94355123dbb14e899?s=96&d=mm&r=g","url":"https:\/\/secure.gravatar.com\/avatar\/091b4d684e9af597ec9885a078917281e353fb1084ff05c94355123dbb14e899?s=96&d=mm&r=g","height":96,"width":96}},"publisher":{"@type":"Organization","name":"gratina.cz","logo":{"@type":"ImageObject","@id":"\/logo.png","url":"\/logo.png","width":600,"height":60}},"image":null,"wordCount":515,"keywords":null},{"@type":"Article","@id":"https:\/\/www.gratina.cz\/letni-radovanky\/","headline":"Letn\u00ed radov\u00e1nky","url":"https:\/\/www.gratina.cz\/letni-radovanky\/","datePublished":"2023-04-15","dateModified":"2023-04-15","mainEntityOfPage":"https:\/\/www.gratina.cz\/letni-radovanky\/","author":{"@type":"Person","@id":"https:\/\/www.gratina.cz\/author\/#Person","name":"","url":"https:\/\/www.gratina.cz\/author\/","identifier":1,"image":{"@type":"ImageObject","@id":"https:\/\/secure.gravatar.com\/avatar\/091b4d684e9af597ec9885a078917281e353fb1084ff05c94355123dbb14e899?s=96&d=mm&r=g","url":"https:\/\/secure.gravatar.com\/avatar\/091b4d684e9af597ec9885a078917281e353fb1084ff05c94355123dbb14e899?s=96&d=mm&r=g","height":96,"width":96}},"publisher":{"@type":"Organization","name":"gratina.cz","logo":{"@type":"ImageObject","@id":"\/logo.png","url":"\/logo.png","width":600,"height":60}},"image":{"@type":"ImageObject","@id":"https:\/\/www.gratina.cz\/wp-content\/uploads\/pexels-pixabay-261152.jpg","url":"https:\/\/www.gratina.cz\/wp-content\/uploads\/pexels-pixabay-261152.jpg","height":0,"width":0},"wordCount":570,"keywords":null},{"@type":"Article","@id":"https:\/\/www.gratina.cz\/pro-ty-kteri-potrebuji-mit-to-nejlepsi\/","headline":"Pro ty, kte\u0159\u00ed pot\u0159ebuj\u00ed m\u00edt to nejlep\u0161\u00ed","url":"https:\/\/www.gratina.cz\/pro-ty-kteri-potrebuji-mit-to-nejlepsi\/","datePublished":"2023-03-21","dateModified":"2024-03-25","mainEntityOfPage":"https:\/\/www.gratina.cz\/pro-ty-kteri-potrebuji-mit-to-nejlepsi\/","author":{"@type":"Person","@id":"https:\/\/www.gratina.cz\/author\/#Person","name":"","url":"https:\/\/www.gratina.cz\/author\/","identifier":1,"image":{"@type":"ImageObject","@id":"https:\/\/secure.gravatar.com\/avatar\/091b4d684e9af597ec9885a078917281e353fb1084ff05c94355123dbb14e899?s=96&d=mm&r=g","url":"https:\/\/secure.gravatar.com\/avatar\/091b4d684e9af597ec9885a078917281e353fb1084ff05c94355123dbb14e899?s=96&d=mm&r=g","height":96,"width":96}},"publisher":{"@type":"Organization","name":"gratina.cz","logo":{"@type":"ImageObject","@id":"\/logo.png","url":"\/logo.png","width":600,"height":60}},"image":null,"wordCount":448,"keywords":null},{"@type":"Article","@id":"https:\/\/www.gratina.cz\/kam-by-se-vam-mohl-hodit-betonovy-plot\/","headline":"Kam by se v\u00e1m mohl hodit betonov\u00fd plot","url":"https:\/\/www.gratina.cz\/kam-by-se-vam-mohl-hodit-betonovy-plot\/","datePublished":"2023-03-19","dateModified":"2023-06-08","mainEntityOfPage":"https:\/\/www.gratina.cz\/kam-by-se-vam-mohl-hodit-betonovy-plot\/","author":{"@type":"Person","@id":"https:\/\/www.gratina.cz\/author\/#Person","name":"","url":"https:\/\/www.gratina.cz\/author\/","identifier":1,"image":{"@type":"ImageObject","@id":"https:\/\/secure.gravatar.com\/avatar\/091b4d684e9af597ec9885a078917281e353fb1084ff05c94355123dbb14e899?s=96&d=mm&r=g","url":"https:\/\/secure.gravatar.com\/avatar\/091b4d684e9af597ec9885a078917281e353fb1084ff05c94355123dbb14e899?s=96&d=mm&r=g","height":96,"width":96}},"publisher":{"@type":"Organization","name":"gratina.cz","logo":{"@type":"ImageObject","@id":"\/logo.png","url":"\/logo.png","width":600,"height":60}},"image":{"@type":"ImageObject","@id":"https:\/\/www.gratina.cz\/wp-content\/uploads\/ivy-gdc4878625_640.jpg","url":"https:\/\/www.gratina.cz\/wp-content\/uploads\/ivy-gdc4878625_640.jpg","height":0,"width":0},"wordCount":471,"keywords":null},{"@type":"Article","@id":"https:\/\/www.gratina.cz\/detska-radost\/","headline":"D\u011btsk\u00e1 radost","url":"https:\/\/www.gratina.cz\/detska-radost\/","datePublished":"2023-03-19","dateModified":"2023-07-20","mainEntityOfPage":"https:\/\/www.gratina.cz\/detska-radost\/","author":{"@type":"Person","@id":"https:\/\/www.gratina.cz\/author\/#Person","name":"","url":"https:\/\/www.gratina.cz\/author\/","identifier":1,"image":{"@type":"ImageObject","@id":"https:\/\/secure.gravatar.com\/avatar\/091b4d684e9af597ec9885a078917281e353fb1084ff05c94355123dbb14e899?s=96&d=mm&r=g","url":"https:\/\/secure.gravatar.com\/avatar\/091b4d684e9af597ec9885a078917281e353fb1084ff05c94355123dbb14e899?s=96&d=mm&r=g","height":96,"width":96}},"publisher":{"@type":"Organization","name":"gratina.cz","logo":{"@type":"ImageObject","@id":"\/logo.png","url":"\/logo.png","width":600,"height":60}},"image":{"@type":"ImageObject","@id":"https:\/\/www.gratina.cz\/wp-content\/uploads\/Image003-4.jpg","url":"https:\/\/www.gratina.cz\/wp-content\/uploads\/Image003-4.jpg","height":0,"width":0},"wordCount":522,"keywords":null},{"@type":"Article","@id":"https:\/\/www.gratina.cz\/sliby-chyby\/","headline":"Sliby chyby","url":"https:\/\/www.gratina.cz\/sliby-chyby\/","datePublished":"2023-02-15","dateModified":"2024-02-18","mainEntityOfPage":"https:\/\/www.gratina.cz\/sliby-chyby\/","author":{"@type":"Person","@id":"https:\/\/www.gratina.cz\/author\/#Person","name":"","url":"https:\/\/www.gratina.cz\/author\/","identifier":1,"image":{"@type":"ImageObject","@id":"https:\/\/secure.gravatar.com\/avatar\/091b4d684e9af597ec9885a078917281e353fb1084ff05c94355123dbb14e899?s=96&d=mm&r=g","url":"https:\/\/secure.gravatar.com\/avatar\/091b4d684e9af597ec9885a078917281e353fb1084ff05c94355123dbb14e899?s=96&d=mm&r=g","height":96,"width":96}},"publisher":{"@type":"Organization","name":"gratina.cz","logo":{"@type":"ImageObject","@id":"\/logo.png","url":"\/logo.png","width":600,"height":60}},"image":null,"wordCount":597,"keywords":null},{"@type":"Article","@id":"https:\/\/www.gratina.cz\/olivovy-olej-vyuzijete-i-na-vlasy-nebo-pro-opalovani-a-masaze\/","headline":"Olivov\u00fd olej vyu\u017eijete i na vlasy nebo pro opalov\u00e1n\u00ed a mas\u00e1\u017ee","url":"https:\/\/www.gratina.cz\/olivovy-olej-vyuzijete-i-na-vlasy-nebo-pro-opalovani-a-masaze\/","datePublished":"2023-02-10","dateModified":"2023-02-10","mainEntityOfPage":"https:\/\/www.gratina.cz\/olivovy-olej-vyuzijete-i-na-vlasy-nebo-pro-opalovani-a-masaze\/","author":{"@type":"Person","@id":"https:\/\/www.gratina.cz\/author\/#Person","name":"","url":"https:\/\/www.gratina.cz\/author\/","identifier":1,"image":{"@type":"ImageObject","@id":"https:\/\/secure.gravatar.com\/avatar\/091b4d684e9af597ec9885a078917281e353fb1084ff05c94355123dbb14e899?s=96&d=mm&r=g","url":"https:\/\/secure.gravatar.com\/avatar\/091b4d684e9af597ec9885a078917281e353fb1084ff05c94355123dbb14e899?s=96&d=mm&r=g","height":96,"width":96}},"publisher":{"@type":"Organization","name":"gratina.cz","logo":{"@type":"ImageObject","@id":"\/logo.png","url":"\/logo.png","width":600,"height":60}},"image":{"@type":"ImageObject","@id":"https:\/\/www.gratina.cz\/wp-content\/uploads\/meal-g813941425_640.jpg","url":"https:\/\/www.gratina.cz\/wp-content\/uploads\/meal-g813941425_640.jpg","height":0,"width":0},"wordCount":551,"keywords":null},{"@type":"Article","@id":"https:\/\/www.gratina.cz\/male-deti\/","headline":"Mal\u00e9 d\u011bti","url":"https:\/\/www.gratina.cz\/male-deti\/","datePublished":"2023-02-09","dateModified":"2023-02-09","mainEntityOfPage":"https:\/\/www.gratina.cz\/male-deti\/","author":{"@type":"Person","@id":"https:\/\/www.gratina.cz\/author\/#Person","name":"","url":"https:\/\/www.gratina.cz\/author\/","identifier":1,"image":{"@type":"ImageObject","@id":"https:\/\/secure.gravatar.com\/avatar\/091b4d684e9af597ec9885a078917281e353fb1084ff05c94355123dbb14e899?s=96&d=mm&r=g","url":"https:\/\/secure.gravatar.com\/avatar\/091b4d684e9af597ec9885a078917281e353fb1084ff05c94355123dbb14e899?s=96&d=mm&r=g","height":96,"width":96}},"publisher":{"@type":"Organization","name":"gratina.cz","logo":{"@type":"ImageObject","@id":"\/logo.png","url":"\/logo.png","width":600,"height":60}},"image":{"@type":"ImageObject","@id":"https:\/\/www.gratina.cz\/wp-content\/uploads\/baby-4870041_960_720.jpg","url":"https:\/\/www.gratina.cz\/wp-content\/uploads\/baby-4870041_960_720.jpg","height":0,"width":0},"wordCount":567,"keywords":null},{"@type":"Article","@id":"https:\/\/www.gratina.cz\/vase-army\/","headline":"Va\u0161e army","url":"https:\/\/www.gratina.cz\/vase-army\/","datePublished":"2023-01-22","dateModified":"2023-05-01","mainEntityOfPage":"https:\/\/www.gratina.cz\/vase-army\/","author":{"@type":"Person","@id":"https:\/\/www.gratina.cz\/author\/#Person","name":"","url":"https:\/\/www.gratina.cz\/author\/","identifier":1,"image":{"@type":"ImageObject","@id":"https:\/\/secure.gravatar.com\/avatar\/091b4d684e9af597ec9885a078917281e353fb1084ff05c94355123dbb14e899?s=96&d=mm&r=g","url":"https:\/\/secure.gravatar.com\/avatar\/091b4d684e9af597ec9885a078917281e353fb1084ff05c94355123dbb14e899?s=96&d=mm&r=g","height":96,"width":96}},"publisher":{"@type":"Organization","name":"gratina.cz","logo":{"@type":"ImageObject","@id":"\/logo.png","url":"\/logo.png","width":600,"height":60}},"image":{"@type":"ImageObject","@id":"https:\/\/www.gratina.cz\/wp-content\/uploads\/police-1282330_960_720_7.jpg","url":"https:\/\/www.gratina.cz\/wp-content\/uploads\/police-1282330_960_720_7.jpg","height":0,"width":0},"wordCount":526,"keywords":null}]},{"@context":"https:\/\/schema.org","@type":"WebSite","@id":"https:\/\/www.gratina.cz\/#website","name":"Gratina","url":"https:\/\/www.gratina.cz","potentialAction":{"@type":"SearchAction","target":"https:\/\/www.gratina.cz\/?s={search_term_string}","query-input":"required name=search_term_string"}}]