[{"@context":"https:\/\/schema.org\/","@type":"Article","@id":"https:\/\/www.gratina.cz\/obyvaci-steny-ktere-vas-dostanou\/#Article","mainEntityOfPage":"https:\/\/www.gratina.cz\/obyvaci-steny-ktere-vas-dostanou\/","headline":"Ob\u00fdvac\u00ed st\u011bny, kter\u00e9 v\u00e1s dostanou","name":"Ob\u00fdvac\u00ed st\u011bny, kter\u00e9 v\u00e1s dostanou","description":"Kupte si novou st\u011bnu Pro z\u00fatuln\u011bn\u00ed interi\u00e9ru volte ob\u00fdvac\u00ed st\u011bny a sestavy, kter\u00e9 budou zcela vyhovovat po\u017eadavk\u016fm Va\u0161eho vkusu. Va\u0161e star\u00e1 st\u011bna pot\u0159ebuje vym\u011bnit Elegantn\u00ed ob\u00fdvac\u00ed st\u011bny a sestavy v\u0161ech styl\u016f od klasick\u00e9ho a\u017e po modern\u00ed dodaj\u00ed ob\u00fdvac\u00edmu pokoji neb\u00fdvale p\u0159ita\u017eliv\u00fd p\u016fvab. Inspirujte se sympatickou nab\u00eddkou prodeje tohoto sortimentu n\u00e1bytku, na jeho\u017e p\u016fvod se budou&hellip;<p class=\"more-link\"><a href=\"https:\/\/www.gratina.cz\/obyvaci-steny-ktere-vas-dostanou\/\" class=\"themebutton\">Read More<\/a><\/p>","datePublished":"2024-12-25","dateModified":"2024-12-25","author":{"@type":"Person","@id":"https:\/\/www.gratina.cz\/author\/#Person","name":"","url":"https:\/\/www.gratina.cz\/author\/","identifier":1,"image":{"@type":"ImageObject","@id":"https:\/\/secure.gravatar.com\/avatar\/091b4d684e9af597ec9885a078917281e353fb1084ff05c94355123dbb14e899?s=96&d=mm&r=g","url":"https:\/\/secure.gravatar.com\/avatar\/091b4d684e9af597ec9885a078917281e353fb1084ff05c94355123dbb14e899?s=96&d=mm&r=g","height":96,"width":96}},"publisher":{"@type":"Organization","name":"gratina.cz","logo":{"@type":"ImageObject","@id":"\/logo.png","url":"\/logo.png","width":600,"height":60}},"url":"https:\/\/www.gratina.cz\/obyvaci-steny-ktere-vas-dostanou\/","wordCount":181,"articleBody":" Kupte si novou st\u011bnu Pro z\u00fatuln\u011bn\u00ed interi\u00e9ru volte ob\u00fdvac\u00ed st\u011bny a sestavy, kter\u00e9 budou zcela vyhovovat po\u017eadavk\u016fm Va\u0161eho vkusu. Va\u0161e star\u00e1 st\u011bna pot\u0159ebuje vym\u011bnit Elegantn\u00ed ob\u00fdvac\u00ed st\u011bny a sestavy v\u0161ech styl\u016f od klasick\u00e9ho a\u017e po modern\u00ed dodaj\u00ed ob\u00fdvac\u00edmu pokoji neb\u00fdvale p\u0159ita\u017eliv\u00fd p\u016fvab. Inspirujte se sympatickou nab\u00eddkou prodeje tohoto sortimentu n\u00e1bytku, na jeho\u017e p\u016fvod se budou pt\u00e1t v\u0161ichni Va\u0161i host\u00e9. P\u0159i internetov\u00e9m n\u00e1kupu nav\u00edc nehroz\u00ed nebezpe\u010d\u00ed \u010dasov\u00e9 ztr\u00e1ty a tento zp\u016fsob prodeje poskytuje rovn\u011b\u017e p\u0159\u00edv\u011btivou mo\u017enost nechat si objednan\u00e9 zbo\u017e\u00ed dopravit na adresu expresn\u00ed a komfortn\u00ed cestou. Nev\u00e1hejte a vyu\u017eijte skv\u011blou \u0161anci, jak zkr\u00e1\u0161lit V\u00e1\u0161 byt. \u0160irok\u00e1 variabilita Jednotliv\u00e9 prvky ob\u00fdvac\u00ed st\u011bny a sestavy si ka\u017ed\u00fd spot\u0159ebitel m\u016f\u017ee sestavit podle sv\u00e9ho p\u0159\u00e1n\u00ed na m\u00edru. Nebo se spokojte s \u00fa\u017easn\u00fdmi kombinacemi, je\u017e V\u00e1m nab\u00eddne k dispozici specializovan\u00fd prodejce.                                                                                                                                                                                                                                                                                                                                                                                        5\/5 - (4 votes)        "},{"@context":"https:\/\/schema.org\/","@type":"BreadcrumbList","itemListElement":[{"@type":"ListItem","position":1,"name":"Ob\u00fdvac\u00ed st\u011bny, kter\u00e9 v\u00e1s dostanou","item":"https:\/\/www.gratina.cz\/obyvaci-steny-ktere-vas-dostanou\/#breadcrumbitem"}]}]