[{"@context":"https:\/\/schema.org\/","@type":"Article","@id":"https:\/\/www.gratina.cz\/mobilni-dum-nemusi-byt-drahy\/#Article","mainEntityOfPage":"https:\/\/www.gratina.cz\/mobilni-dum-nemusi-byt-drahy\/","headline":"Mobiln\u00ed d\u016fm nemus\u00ed b\u00fdt drah\u00fd","name":"Mobiln\u00ed d\u016fm nemus\u00ed b\u00fdt drah\u00fd","description":"L\u00edb\u00ed se v\u00e1m p\u0159edstava, \u017ee budete tr\u00e1vit \u010das v mobiln\u00edm dom\u011b? Nemus\u00edte v n\u011bm bydlet natrvalo, ale t\u0159eba jen od jara do podzimu, kdy je venku kr\u00e1sn\u011b teplou\u010dko. Nebo jen o v\u00edkendech, kdy jedete na vlastn\u00ed zahr\u00e1dku a mobiln\u00ed d\u016fm, by v\u00e1m tam vytvo\u0159il kr\u00e1sn\u00e9 a hlavn\u011b pohodln\u00e9 z\u00e1zem\u00ed. Postavili byste si k n\u011bmu terasu,&hellip;<p class=\"more-link\"><a href=\"https:\/\/www.gratina.cz\/mobilni-dum-nemusi-byt-drahy\/\" class=\"themebutton\">Read More<\/a><\/p>","datePublished":"2022-02-25","dateModified":"2023-05-01","author":{"@type":"Person","@id":"https:\/\/www.gratina.cz\/author\/#Person","name":"","url":"https:\/\/www.gratina.cz\/author\/","identifier":1,"image":{"@type":"ImageObject","@id":"https:\/\/secure.gravatar.com\/avatar\/091b4d684e9af597ec9885a078917281e353fb1084ff05c94355123dbb14e899?s=96&d=mm&r=g","url":"https:\/\/secure.gravatar.com\/avatar\/091b4d684e9af597ec9885a078917281e353fb1084ff05c94355123dbb14e899?s=96&d=mm&r=g","height":96,"width":96}},"publisher":{"@type":"Organization","name":"gratina.cz","logo":{"@type":"ImageObject","@id":"\/logo.png","url":"\/logo.png","width":600,"height":60}},"image":{"@type":"ImageObject","@id":"https:\/\/www.gratina.cz\/wp-content\/uploads\/s2_1.jpg","url":"https:\/\/www.gratina.cz\/wp-content\/uploads\/s2_1.jpg","height":0,"width":0},"url":"https:\/\/www.gratina.cz\/mobilni-dum-nemusi-byt-drahy\/","about":["D\u011bti"],"wordCount":414,"articleBody":"   L\u00edb\u00ed se v\u00e1m p\u0159edstava, \u017ee budete tr\u00e1vit \u010das v mobiln\u00edm dom\u011b? Nemus\u00edte v n\u011bm bydlet natrvalo, ale t\u0159eba jen od jara do podzimu, kdy je venku kr\u00e1sn\u011b teplou\u010dko. Nebo jen o v\u00edkendech, kdy jedete na vlastn\u00ed zahr\u00e1dku a mobiln\u00ed d\u016fm, by v\u00e1m tam vytvo\u0159il kr\u00e1sn\u00e9 a hlavn\u011b pohodln\u00e9 z\u00e1zem\u00ed. Postavili byste si k n\u011bmu terasu, nebo pergolu. Anebo jste podnikatel a hled\u00e1te \u010d\u00edm nahradit st\u00e1vaj\u00edc\u00ed chatky ve va\u0161em kempu, kter\u00e9 se za p\u00e1r chvil rozpadnou. Mobiln\u00ed d\u016fm, nebo l\u00e9pe domky, by byly dobrou n\u00e1hradou. Co mysl\u00edte?To jsou r\u016fzn\u00e9 formy vyu\u017e\u00edv\u00e1n\u00ed. Jen\u017ee si uv\u011bdom\u00edte, \u017ee ka\u017ed\u00e1 sranda n\u011bco stoj\u00ed. A v\u016fbec, kolik stoj\u00ed takov\u00fd velice levn\u00fd mobiln\u00ed d\u016fm?Opravdu levn\u00e9 mobiln\u00ed domy dnes po\u0159\u00edd\u00edte v cen\u011b kolem 150 tis\u00edc korun. Ne\u010dekejte ale n\u011bjak\u00fd nale\u0161t\u011bn\u00fd, modern\u011b vybaven\u00fd d\u016fm. Bude m\u00edt jist\u011b sv\u00e9 mouchy. Ur\u010dit\u011b toti\u017e p\u016fjde o d\u016fm, kter\u00fd je ji\u017e n\u011bjak\u00fd ten rok u\u017e\u00edvan\u00fd. A tato skute\u010dnost se na n\u011bm musela z\u00e1konit\u011b projevit. Vzhledem k jeho st\u00e1\u0159\u00ed, je tak\u00e9 nutno po\u010d\u00edtat, \u017ee styl vybaven\u00ed i jeho proveden\u00ed, nejsou v\u00fdk\u0159ikem n\u011bjak\u00e9 bou\u0159liv\u00e9 moderny.Ale to jsou snad jedin\u00e9 m\u00ednusy. Nav\u00edc, tyto m\u00ednusy m\u016f\u017eete vyu\u017e\u00edt, a p\u0159eklopit je na plusy. Co t\u00edm mysl\u00edm?Tyto levn\u00e9 mobiln\u00ed domky dostanete v\u011bt\u0161inou jen v z\u00e1kladn\u00ed v\u00fdbav\u011b. To znamen\u00e1, \u017ee v nich je v\u0161e jak m\u00e1 b\u00fdt, ale chyb\u00ed n\u00e1bytek. Co\u017e u star\u0161\u00edch mobiln\u00edch dom\u016f dovezen\u00fdch nap\u0159\u00edklad z Holandska nen\u00ed \u017e\u00e1dn\u00e1 \u0161koda. P\u0159edstava o za\u0159izov\u00e1n\u00ed interi\u00e9r\u016f v Holandsku je na hony vzd\u00e1len\u00e1 tomu, co je p\u0159ijateln\u00e9 pro oko na\u0161ince.Ne\u017e ale p\u0159istoup\u00edte k za\u0159izov\u00e1n\u00ed interi\u00e9ru, m\u016f\u017eete si klasick\u00fdm zp\u016fsobem vymalovat podle sv\u00fdch p\u0159edstav. Tak\u00e9 m\u016f\u017eete prov\u00e9st jist\u00e9 \u00fapravy, kter\u00e9 se t\u00fdkaj\u00ed za\u0159izovac\u00edch p\u0159edm\u011bt\u016f. Osobn\u011b bych vym\u011bnil vodovodn\u00ed baterie, jak v koupeln\u011b, tak v kuchyni. Ur\u010dit\u011b by bylo na zv\u00e1\u017een\u00ed, zda nevym\u011bnit i varnou desku, pe\u010d\u00edc\u00ed troubu, nebo neob\u011btovat jednu ze sk\u0159\u00edn\u011bk na instalov\u00e1n\u00ed my\u010dky na n\u00e1dob\u00ed.                                                                                                                                                                                                                                                                                                                                                                                          3.5\/5 - (6 votes)        "},{"@context":"https:\/\/schema.org\/","@type":"BreadcrumbList","itemListElement":[{"@type":"ListItem","position":1,"name":"Mobiln\u00ed d\u016fm nemus\u00ed b\u00fdt drah\u00fd","item":"https:\/\/www.gratina.cz\/mobilni-dum-nemusi-byt-drahy\/#breadcrumbitem"}]}]