[{"@context":"https:\/\/schema.org\/","@type":"Article","@id":"https:\/\/www.gratina.cz\/male-deti\/#Article","mainEntityOfPage":"https:\/\/www.gratina.cz\/male-deti\/","headline":"Mal\u00e9 d\u011bti","name":"Mal\u00e9 d\u011bti","description":"V\u017edycky jsem o sob\u011b v\u011bd\u011bla, \u017ee budu cht\u00edt m\u00edt opravdu hodn\u011b d\u011bt\u00ed. A nav\u00edc j\u00e1 jsem vyr\u016fstal v takov\u00e9 rodin\u011b, kde se m\u011bla dal\u0161\u00ed \u010dty\u0159i sourozence, tak\u017ee si jist\u011b dok\u00e1\u017eete p\u0159edstavit, jak to u n\u00e1s doma vypadalo. Bylo n\u00e1s tam opravdu moc, n\u011bkdy a\u017e plno, \u017ee skoro nikdo\u00a0nem\u011bl\u00a0\u017e\u00e1dn\u00e9 soukrom\u00ed. M\u011bli jsme tam opravdu vesel\u00fd a&hellip;<p class=\"more-link\"><a href=\"https:\/\/www.gratina.cz\/male-deti\/\" class=\"themebutton\">Read More<\/a><\/p>","datePublished":"2023-02-09","dateModified":"2023-02-09","author":{"@type":"Person","@id":"https:\/\/www.gratina.cz\/author\/#Person","name":"","url":"https:\/\/www.gratina.cz\/author\/","identifier":1,"image":{"@type":"ImageObject","@id":"https:\/\/secure.gravatar.com\/avatar\/091b4d684e9af597ec9885a078917281e353fb1084ff05c94355123dbb14e899?s=96&d=mm&r=g","url":"https:\/\/secure.gravatar.com\/avatar\/091b4d684e9af597ec9885a078917281e353fb1084ff05c94355123dbb14e899?s=96&d=mm&r=g","height":96,"width":96}},"publisher":{"@type":"Organization","name":"gratina.cz","logo":{"@type":"ImageObject","@id":"\/logo.png","url":"\/logo.png","width":600,"height":60}},"image":{"@type":"ImageObject","@id":"https:\/\/www.gratina.cz\/wp-content\/uploads\/baby-4870041_960_720.jpg","url":"https:\/\/www.gratina.cz\/wp-content\/uploads\/baby-4870041_960_720.jpg","height":0,"width":0},"url":"https:\/\/www.gratina.cz\/male-deti\/","about":["D\u011bti"],"wordCount":458,"articleBody":"V\u017edycky jsem o sob\u011b v\u011bd\u011bla, \u017ee budu cht\u00edt m\u00edt opravdu hodn\u011b d\u011bt\u00ed. A nav\u00edc j\u00e1 jsem vyr\u016fstal v takov\u00e9 rodin\u011b, kde se m\u011bla dal\u0161\u00ed \u010dty\u0159i sourozence, tak\u017ee si jist\u011b dok\u00e1\u017eete p\u0159edstavit, jak to u n\u00e1s doma vypadalo. Bylo n\u00e1s tam opravdu moc, n\u011bkdy a\u017e plno, \u017ee skoro nikdo\u00a0nem\u011bl\u00a0\u017e\u00e1dn\u00e9 soukrom\u00ed. M\u011bli jsme tam opravdu vesel\u00fd a taky hodn\u011b \u017eiv\u00fd \u017eivot. A nejhor\u0161\u00ed ale na tom bylo, \u017ee kdy\u017e jsme se my d\u011bti t\u0159eba nap\u0159\u00edklad za\u010daly h\u00e1dat. Byly jsme od sebe vzd\u00e1len\u00ed v\u017edycky tak dva nebo t\u0159i roky. Tak\u017ee si jist\u011b dok\u00e1\u017eete p\u0159edstavit, \u017ee jsme nebyly tak daleko od sebe, abychom m\u011bli tak\u00e9 podobn\u00e9 z\u00e1jmy a kon\u00ed\u010dky. Ale my jsme se taky h\u00e1daly hlavn\u011b o to, kdo bude m\u00edt jakou hra\u010dku. Proto\u017ee rodi\u010de nakonec to d\u011blali tak, \u017ee nekupovali jenom tak n\u011bkomu ur\u010dit\u00e9mu hra\u010dku, ale kupovali to tak, \u017ee si v\u017edycky s t\u00edm budeme hr\u00e1t v\u0161ichni nebo si hra\u010dky budeme p\u016fj\u010dovat. Tohle jsme taky ob\u010das\u00a0d\u011blaly, ale ob\u010das jsme m\u011bly takovou n\u00e1ladu, \u017ee jsme se jenom h\u00e1daly a v\u016fbec jsme si necht\u011bly p\u016fj\u010dovat hra\u010dky. V\u017edycky se ka\u017ed\u00fd n\u011bkam za\u0161il, aby m\u011bl klid a nemusel p\u016fj\u010dovat n\u011bkomu jin\u00e9mu hra\u010dku. Abych pravdu \u0159ekla, tak nyn\u00ed se za to styd\u00edm a v\u016fbec nech\u00e1pu, proto\u017ee se d\u011bti st\u00e1le mus\u00ed h\u00e1dat. Tohle si \u0159\u00edkaj\u00ed v\u0161ichni u\u010ditel\u00e9 a taky rodi\u010de, co mal\u00e9 d\u011bti na tom bavit, \u017ee se\u00a0jenom\u00a0h\u00e1daj\u00ed anebo nedejbo\u017ee perou. A kter\u00e9 se h\u00e1daj\u00ed t\u0159eba o hra\u010dky. T\u0159eba nap\u0159\u00edklad m\u016fj syn m\u00e1 n\u011bjakou hra\u010dku. A potom, kdy\u017e p\u0159ijde jeho bratr, tak tu hra\u010dku prost\u011b taky mus\u00edm m\u00edt. A kdy\u017e to nem\u00e1, tak se jenom vztek\u00e1 a pi\u0161t\u00ed, aby taky mohl m\u00edt jin\u00e9 hra\u010dky, ne\u017e m\u00e1 on. A kolikr\u00e1t jsem si \u0159ekla, \u017ee snad taky ud\u011bl\u00e1m n\u011bjak\u00fd kompromis a koup\u00edm t\u0159eba dv\u011b stejn\u00e9 hra\u010dky a uvid\u00edm, co a jak to m\u00e9 d\u011bti bude zaj\u00edmat.\u00a0Mysl\u00edm\u00a0si, \u017ee moje d\u011bti nade mnou asi\u00a0vyzraj\u00ed\u00a0a nebudou se zaj\u00edmat asi o \u017e\u00e1dnou hra\u010dku. Nebo se m\u00fdl\u00edm? V\u00edm, \u017ee je hodn\u011b d\u011bt\u00ed a taky\u00a0hodn\u011b\u00a0povah, ale v\u011b\u0159te, \u017ee d\u011btem do hlavy\u00a0nikdy\u00a0nikoho\u00a0nevid\u00ed.\u00a0\u00a0                                                                                                                                                                                                                                                                                                                                                                                        4\/5 - (1 vote)        "},{"@context":"https:\/\/schema.org\/","@type":"BreadcrumbList","itemListElement":[{"@type":"ListItem","position":1,"name":"Mal\u00e9 d\u011bti","item":"https:\/\/www.gratina.cz\/male-deti\/#breadcrumbitem"}]}]