[{"@context":"https:\/\/schema.org\/","@type":"Article","@id":"https:\/\/www.gratina.cz\/jste-hlavni-radce-pri-pripravach-na-svatbu\/#Article","mainEntityOfPage":"https:\/\/www.gratina.cz\/jste-hlavni-radce-pri-pripravach-na-svatbu\/","headline":"Jste hlavn\u00ed r\u00e1dce p\u0159i p\u0159\u00edprav\u00e1ch na svatbu?","name":"Jste hlavn\u00ed r\u00e1dce p\u0159i p\u0159\u00edprav\u00e1ch na svatbu?","description":"Kamar\u00e1d \u010di kamar\u00e1dka se V\u00e1m vd\u00e1v\u00e1 \u010di \u017een\u00ed a Vy jako sv\u011bdek m\u00e1te b\u00fdt st\u00e1le p\u0159i ruce? Tak to m\u00e1 b\u00fdt! Sv\u011bdci jsou hned po svateb\u010danech ti nejd\u016fle\u017eit\u011bj\u0161\u00ed! Nezapome\u0148te, \u017ee je pot\u0159eba za\u0159\u00eddit n\u011bkolik v\u011bc\u00ed, tak se ur\u010dit\u011b nudit nebudete. Nezapome\u0148te p\u0159i tom ale na n\u00e1s! Nechceme, aby toho na V\u00e1s bylo zase p\u0159\u00edli\u0161, a&hellip;<p class=\"more-link\"><a href=\"https:\/\/www.gratina.cz\/jste-hlavni-radce-pri-pripravach-na-svatbu\/\" class=\"themebutton\">Read More<\/a><\/p>","datePublished":"2024-11-21","dateModified":"2024-11-21","author":{"@type":"Person","@id":"https:\/\/www.gratina.cz\/author\/#Person","name":"","url":"https:\/\/www.gratina.cz\/author\/","identifier":1,"image":{"@type":"ImageObject","@id":"https:\/\/secure.gravatar.com\/avatar\/091b4d684e9af597ec9885a078917281e353fb1084ff05c94355123dbb14e899?s=96&d=mm&r=g","url":"https:\/\/secure.gravatar.com\/avatar\/091b4d684e9af597ec9885a078917281e353fb1084ff05c94355123dbb14e899?s=96&d=mm&r=g","height":96,"width":96}},"publisher":{"@type":"Organization","name":"gratina.cz","logo":{"@type":"ImageObject","@id":"\/logo.png","url":"\/logo.png","width":600,"height":60}},"url":"https:\/\/www.gratina.cz\/jste-hlavni-radce-pri-pripravach-na-svatbu\/","wordCount":180,"articleBody":"Kamar\u00e1d \u010di kamar\u00e1dka se V\u00e1m vd\u00e1v\u00e1 \u010di \u017een\u00ed a Vy jako sv\u011bdek m\u00e1te b\u00fdt st\u00e1le p\u0159i ruce? Tak to m\u00e1 b\u00fdt! Sv\u011bdci jsou hned po svateb\u010danech ti nejd\u016fle\u017eit\u011bj\u0161\u00ed! Nezapome\u0148te, \u017ee je pot\u0159eba za\u0159\u00eddit n\u011bkolik v\u011bc\u00ed, tak se ur\u010dit\u011b nudit nebudete.\tNezapome\u0148te p\u0159i tom ale na n\u00e1s!Nechceme, aby toho na V\u00e1s bylo zase p\u0159\u00edli\u0161, a proto jsme tu my. A\u017e se svateb\u010dan\u00e9 dostanou k \u0159e\u0161en\u00ed zlata \u010di st\u0159\u00edbra, dejte jim skv\u011bl\u00fd tip! P\u0159in\u00e1\u0161\u00edme V\u00e1m obrovsk\u00e9 mno\u017estv\u00ed t\u011bch nej\u017e\u00e1dan\u011bj\u0161\u00edch snubn\u00edch prsten\u016f, mezi kter\u00fdmi si Va\u0161i svateb\u010dan\u00e9 jist\u011b vyberou ty sv\u00e9. Tohle rozhodn\u011b nen\u00ed mali\u010dkost, je pot\u0159eba se na v\u00fdb\u011br po\u0159\u00e1dn\u011b soust\u0159edit. A\u0165 je spokojen\u00e1 jak nev\u011bsta, tak i \u017eenich. A sv\u011bdek zaji\u0161\u0165uje hladk\u00fd pr\u016fb\u011bh, tak\u017ee je to na V\u00e1s! Dr\u017e\u00edme V\u00e1m palce!                                                                                                                                                                                                                                                                                                                                                                                        3.7\/5 - (3 votes)        "},{"@context":"https:\/\/schema.org\/","@type":"BreadcrumbList","itemListElement":[{"@type":"ListItem","position":1,"name":"Jste hlavn\u00ed r\u00e1dce p\u0159i p\u0159\u00edprav\u00e1ch na svatbu?","item":"https:\/\/www.gratina.cz\/jste-hlavni-radce-pri-pripravach-na-svatbu\/#breadcrumbitem"}]}]