[{"@context":"https:\/\/schema.org\/","@type":"Article","@id":"https:\/\/www.gratina.cz\/drevena-okna\/#Article","mainEntityOfPage":"https:\/\/www.gratina.cz\/drevena-okna\/","headline":"D\u0159ev\u011bn\u00e1 okna","name":"D\u0159ev\u011bn\u00e1 okna","description":"Uva\u017eujete nad t\u00edm, \u017ee byste vym\u011bnili star\u00e1 okna za nov\u00e1, konkr\u00e9tn\u011b za ? Pokud ano, tak d\u011bl\u00e1te dob\u0159e, proto\u017ee kvalitn\u00ed dok\u00e1\u017eou ud\u011blat skv\u011blou slu\u017ebu a jejich koup\u011b rozhodn\u011b litovat nebudete, proto\u017ee v\u00e1s zaru\u010den\u011b nezklamou, sp\u00ed\u0161 naopak. V\u017edy se v\u00e1m l\u00edbila D\u0159ev\u011bn\u00e1 okna, ale nev\u00edte, jestli by se hodila i k v\u00e1m dom\u016f? Nemus\u00edte m\u00edt obavy,&hellip;<p class=\"more-link\"><a href=\"https:\/\/www.gratina.cz\/drevena-okna\/\" class=\"themebutton\">Read More<\/a><\/p>","datePublished":"2025-04-14","dateModified":"2025-04-14","author":{"@type":"Person","@id":"https:\/\/www.gratina.cz\/author\/#Person","name":"","url":"https:\/\/www.gratina.cz\/author\/","identifier":1,"image":{"@type":"ImageObject","@id":"https:\/\/secure.gravatar.com\/avatar\/091b4d684e9af597ec9885a078917281e353fb1084ff05c94355123dbb14e899?s=96&d=mm&r=g","url":"https:\/\/secure.gravatar.com\/avatar\/091b4d684e9af597ec9885a078917281e353fb1084ff05c94355123dbb14e899?s=96&d=mm&r=g","height":96,"width":96}},"publisher":{"@type":"Organization","name":"gratina.cz","logo":{"@type":"ImageObject","@id":"\/logo.png","url":"\/logo.png","width":600,"height":60}},"url":"https:\/\/www.gratina.cz\/drevena-okna\/","wordCount":185,"articleBody":" Uva\u017eujete nad t\u00edm, \u017ee byste vym\u011bnili star\u00e1 okna za nov\u00e1, konkr\u00e9tn\u011b za ? Pokud ano, tak d\u011bl\u00e1te dob\u0159e, proto\u017ee kvalitn\u00ed dok\u00e1\u017eou ud\u011blat skv\u011blou slu\u017ebu a jejich koup\u011b rozhodn\u011b litovat nebudete, proto\u017ee v\u00e1s zaru\u010den\u011b nezklamou, sp\u00ed\u0161 naopak. V\u017edy se v\u00e1m l\u00edbila D\u0159ev\u011bn\u00e1 okna, ale nev\u00edte, jestli by se hodila i k v\u00e1m dom\u016f? Nemus\u00edte m\u00edt obavy, d\u0159ev\u011bn\u00e1 okna se perfektn\u011b v\u0161ude, p\u0159edev\u0161\u00edm do rodinn\u00fdch dom\u016f a podobn\u011b. Jsou to skv\u011bl\u00e1 okna, kter\u00e1 vypadaj\u00ed perfektn\u011b a kter\u00e1 maj\u00ed skv\u011bl\u00e9 vlastnosti, kter\u00e9 se budou hodit. Perfektn\u00ed vlastnosti D\u0159ev\u011bn\u00e1 okna vypadaj\u00ed nejenom skv\u011ble, ale maj\u00ed tak\u00e9 spoustu vlastnost\u00ed, kter\u00e9 jsou pro v\u0161echna okna nezbytn\u00e1. Skv\u011bl\u00e9 t\u011bsn\u00ed, v l\u00e9t\u011b nebudou okna propou\u0161t\u011bt p\u0159ebyte\u010dn\u00e9 horko a v zim\u011b budou pr\u00e1v\u011b naopak odoln\u00e1 v\u016f\u010di chladu. Jsou odoln\u00e1 nejen na teploty, ale i celkov\u011b, tud\u00ed\u017e se nemus\u00edte b\u00e1t, \u017ee by v\u00e1m slou\u017eila pouze chv\u00edli.                                                                                                                                                                                                                                                                                                                                                                                                "},{"@context":"https:\/\/schema.org\/","@type":"BreadcrumbList","itemListElement":[{"@type":"ListItem","position":1,"name":"D\u0159ev\u011bn\u00e1 okna","item":"https:\/\/www.gratina.cz\/drevena-okna\/#breadcrumbitem"}]}]