[{"@context":"https:\/\/schema.org\/","@type":"Blog","@id":"https:\/\/www.gratina.cz#Blog","headline":"Gratina","description":"\nK\u00a0tomu, aby lid\u00e9 mohli norm\u00e1ln\u011b \u017e\u00edt, se mus\u00ed neust\u00e1le vyd\u011bl\u00e1vat pen\u00edze a sou\u010dasn\u011b vyr\u00e1b\u011bt to, co by se za n\u011b dalo nakoupit. Kdy\u017e to tak nefunguje, je zle.","url":"https:\/\/www.gratina.cz","hasPart":[{"@type":"Article","@id":"https:\/\/www.gratina.cz\/novy-clen-rodiny\/","headline":"Nov\u00fd \u010dlen rodiny","url":"https:\/\/www.gratina.cz\/novy-clen-rodiny\/","datePublished":"2026-01-08","dateModified":"2026-01-08","mainEntityOfPage":"https:\/\/www.gratina.cz\/novy-clen-rodiny\/","author":{"@type":"Person","@id":"https:\/\/www.gratina.cz\/author\/#Person","name":"","url":"https:\/\/www.gratina.cz\/author\/","identifier":1,"image":{"@type":"ImageObject","@id":"https:\/\/secure.gravatar.com\/avatar\/091b4d684e9af597ec9885a078917281e353fb1084ff05c94355123dbb14e899?s=96&d=mm&r=g","url":"https:\/\/secure.gravatar.com\/avatar\/091b4d684e9af597ec9885a078917281e353fb1084ff05c94355123dbb14e899?s=96&d=mm&r=g","height":96,"width":96}},"publisher":{"@type":"Organization","name":"gratina.cz","logo":{"@type":"ImageObject","@id":"\/logo.png","url":"\/logo.png","width":600,"height":60}},"image":{"@type":"ImageObject","@id":"https:\/\/www.gratina.cz\/wp-content\/uploads\/terric-tea-cup-2107599_640.jpg","url":"https:\/\/www.gratina.cz\/wp-content\/uploads\/terric-tea-cup-2107599_640.jpg","height":0,"width":0},"wordCount":601,"keywords":null},{"@type":"Article","@id":"https:\/\/www.gratina.cz\/jdu-se-projit-po-schodech\/","headline":"Jdu se proj\u00edt po schodech","url":"https:\/\/www.gratina.cz\/jdu-se-projit-po-schodech\/","datePublished":"2025-12-24","dateModified":"2025-12-24","mainEntityOfPage":"https:\/\/www.gratina.cz\/jdu-se-projit-po-schodech\/","author":{"@type":"Person","@id":"https:\/\/www.gratina.cz\/author\/#Person","name":"","url":"https:\/\/www.gratina.cz\/author\/","identifier":1,"image":{"@type":"ImageObject","@id":"https:\/\/secure.gravatar.com\/avatar\/091b4d684e9af597ec9885a078917281e353fb1084ff05c94355123dbb14e899?s=96&d=mm&r=g","url":"https:\/\/secure.gravatar.com\/avatar\/091b4d684e9af597ec9885a078917281e353fb1084ff05c94355123dbb14e899?s=96&d=mm&r=g","height":96,"width":96}},"publisher":{"@type":"Organization","name":"gratina.cz","logo":{"@type":"ImageObject","@id":"\/logo.png","url":"\/logo.png","width":600,"height":60}},"image":{"@type":"ImageObject","@id":"https:\/\/www.gratina.cz\/wp-content\/uploads\/spiral-staircase-7734274_640_9.jpg","url":"https:\/\/www.gratina.cz\/wp-content\/uploads\/spiral-staircase-7734274_640_9.jpg","height":0,"width":0},"wordCount":525,"keywords":null},{"@type":"Article","@id":"https:\/\/www.gratina.cz\/stehovani-firem-v-praze\/","headline":"St\u011bhov\u00e1n\u00ed firem v Praze","url":"https:\/\/www.gratina.cz\/stehovani-firem-v-praze\/","datePublished":"2025-11-13","dateModified":"2025-11-13","mainEntityOfPage":"https:\/\/www.gratina.cz\/stehovani-firem-v-praze\/","author":{"@type":"Person","@id":"https:\/\/www.gratina.cz\/author\/#Person","name":"","url":"https:\/\/www.gratina.cz\/author\/","identifier":1,"image":{"@type":"ImageObject","@id":"https:\/\/secure.gravatar.com\/avatar\/091b4d684e9af597ec9885a078917281e353fb1084ff05c94355123dbb14e899?s=96&d=mm&r=g","url":"https:\/\/secure.gravatar.com\/avatar\/091b4d684e9af597ec9885a078917281e353fb1084ff05c94355123dbb14e899?s=96&d=mm&r=g","height":96,"width":96}},"publisher":{"@type":"Organization","name":"gratina.cz","logo":{"@type":"ImageObject","@id":"\/logo.png","url":"\/logo.png","width":600,"height":60}},"image":{"@type":"ImageObject","@id":"https:\/\/www.gratina.cz\/wp-content\/uploads\/notebook-2386034_640_10_2.jpg","url":"https:\/\/www.gratina.cz\/wp-content\/uploads\/notebook-2386034_640_10_2.jpg","height":0,"width":0},"wordCount":605,"keywords":null},{"@type":"Article","@id":"https:\/\/www.gratina.cz\/kdy-je-vhodne-odborne-zamereni-oken-technikem\/","headline":"Kdy je vhodn\u00e9 odborn\u00e9 zam\u011b\u0159en\u00ed oken technikem","url":"https:\/\/www.gratina.cz\/kdy-je-vhodne-odborne-zamereni-oken-technikem\/","datePublished":"2025-09-01","dateModified":"2025-09-01","mainEntityOfPage":"https:\/\/www.gratina.cz\/kdy-je-vhodne-odborne-zamereni-oken-technikem\/","author":{"@type":"Person","@id":"https:\/\/www.gratina.cz\/author\/#Person","name":"","url":"https:\/\/www.gratina.cz\/author\/","identifier":1,"image":{"@type":"ImageObject","@id":"https:\/\/secure.gravatar.com\/avatar\/091b4d684e9af597ec9885a078917281e353fb1084ff05c94355123dbb14e899?s=96&d=mm&r=g","url":"https:\/\/secure.gravatar.com\/avatar\/091b4d684e9af597ec9885a078917281e353fb1084ff05c94355123dbb14e899?s=96&d=mm&r=g","height":96,"width":96}},"publisher":{"@type":"Organization","name":"gratina.cz","logo":{"@type":"ImageObject","@id":"\/logo.png","url":"\/logo.png","width":600,"height":60}},"image":{"@type":"ImageObject","@id":"https:\/\/www.gratina.cz\/wp-content\/uploads\/hypoteka2_10_10_10_10_10_10_10_10_10_10_6.jpg","url":"https:\/\/www.gratina.cz\/wp-content\/uploads\/hypoteka2_10_10_10_10_10_10_10_10_10_10_6.jpg","height":0,"width":0},"wordCount":558,"keywords":null},{"@type":"Article","@id":"https:\/\/www.gratina.cz\/lekninovy-odvar\/","headline":"Lekn\u00ednov\u00fd odvar","url":"https:\/\/www.gratina.cz\/lekninovy-odvar\/","datePublished":"2025-08-24","dateModified":"2025-08-24","mainEntityOfPage":"https:\/\/www.gratina.cz\/lekninovy-odvar\/","author":{"@type":"Person","@id":"https:\/\/www.gratina.cz\/author\/#Person","name":"","url":"https:\/\/www.gratina.cz\/author\/","identifier":1,"image":{"@type":"ImageObject","@id":"https:\/\/secure.gravatar.com\/avatar\/091b4d684e9af597ec9885a078917281e353fb1084ff05c94355123dbb14e899?s=96&d=mm&r=g","url":"https:\/\/secure.gravatar.com\/avatar\/091b4d684e9af597ec9885a078917281e353fb1084ff05c94355123dbb14e899?s=96&d=mm&r=g","height":96,"width":96}},"publisher":{"@type":"Organization","name":"gratina.cz","logo":{"@type":"ImageObject","@id":"\/logo.png","url":"\/logo.png","width":600,"height":60}},"image":{"@type":"ImageObject","@id":"https:\/\/www.gratina.cz\/wp-content\/uploads\/water-lily-4410471_640.jpg","url":"https:\/\/www.gratina.cz\/wp-content\/uploads\/water-lily-4410471_640.jpg","height":0,"width":0},"wordCount":597,"keywords":null},{"@type":"Article","@id":"https:\/\/www.gratina.cz\/hypoteku-ziskate-i-mimo-banku\/","headline":"Hypot\u00e9ku z\u00edsk\u00e1te i mimo banku","url":"https:\/\/www.gratina.cz\/hypoteku-ziskate-i-mimo-banku\/","datePublished":"2025-08-07","dateModified":"2025-08-07","mainEntityOfPage":"https:\/\/www.gratina.cz\/hypoteku-ziskate-i-mimo-banku\/","author":{"@type":"Person","@id":"https:\/\/www.gratina.cz\/author\/#Person","name":"","url":"https:\/\/www.gratina.cz\/author\/","identifier":1,"image":{"@type":"ImageObject","@id":"https:\/\/secure.gravatar.com\/avatar\/091b4d684e9af597ec9885a078917281e353fb1084ff05c94355123dbb14e899?s=96&d=mm&r=g","url":"https:\/\/secure.gravatar.com\/avatar\/091b4d684e9af597ec9885a078917281e353fb1084ff05c94355123dbb14e899?s=96&d=mm&r=g","height":96,"width":96}},"publisher":{"@type":"Organization","name":"gratina.cz","logo":{"@type":"ImageObject","@id":"\/logo.png","url":"\/logo.png","width":600,"height":60}},"image":{"@type":"ImageObject","@id":"https:\/\/www.gratina.cz\/wp-content\/uploads\/euro-163475_640_10_10_10_10_7.jpg","url":"https:\/\/www.gratina.cz\/wp-content\/uploads\/euro-163475_640_10_10_10_10_7.jpg","height":0,"width":0},"wordCount":548,"keywords":null},{"@type":"Article","@id":"https:\/\/www.gratina.cz\/nove-zakony-ve-mzdach\/","headline":"Nov\u00e9 z\u00e1kony ve mzd\u00e1ch","url":"https:\/\/www.gratina.cz\/nove-zakony-ve-mzdach\/","datePublished":"2025-07-12","dateModified":"2025-07-12","mainEntityOfPage":"https:\/\/www.gratina.cz\/nove-zakony-ve-mzdach\/","author":{"@type":"Person","@id":"https:\/\/www.gratina.cz\/author\/#Person","name":"","url":"https:\/\/www.gratina.cz\/author\/","identifier":1,"image":{"@type":"ImageObject","@id":"https:\/\/secure.gravatar.com\/avatar\/091b4d684e9af597ec9885a078917281e353fb1084ff05c94355123dbb14e899?s=96&d=mm&r=g","url":"https:\/\/secure.gravatar.com\/avatar\/091b4d684e9af597ec9885a078917281e353fb1084ff05c94355123dbb14e899?s=96&d=mm&r=g","height":96,"width":96}},"publisher":{"@type":"Organization","name":"gratina.cz","logo":{"@type":"ImageObject","@id":"\/logo.png","url":"\/logo.png","width":600,"height":60}},"image":{"@type":"ImageObject","@id":"https:\/\/www.gratina.cz\/wp-content\/uploads\/the-czech-crown-3980871_640_1.jpg","url":"https:\/\/www.gratina.cz\/wp-content\/uploads\/the-czech-crown-3980871_640_1.jpg","height":0,"width":0},"wordCount":567,"keywords":null},{"@type":"Article","@id":"https:\/\/www.gratina.cz\/kdyz-chcete-aby-motor-dychal-naplno\/","headline":"Kdy\u017e chcete, aby motor d\u00fdchal naplno","url":"https:\/\/www.gratina.cz\/kdyz-chcete-aby-motor-dychal-naplno\/","datePublished":"2025-06-08","dateModified":"2025-06-08","mainEntityOfPage":"https:\/\/www.gratina.cz\/kdyz-chcete-aby-motor-dychal-naplno\/","author":{"@type":"Person","@id":"https:\/\/www.gratina.cz\/author\/#Person","name":"","url":"https:\/\/www.gratina.cz\/author\/","identifier":1,"image":{"@type":"ImageObject","@id":"https:\/\/secure.gravatar.com\/avatar\/091b4d684e9af597ec9885a078917281e353fb1084ff05c94355123dbb14e899?s=96&d=mm&r=g","url":"https:\/\/secure.gravatar.com\/avatar\/091b4d684e9af597ec9885a078917281e353fb1084ff05c94355123dbb14e899?s=96&d=mm&r=g","height":96,"width":96}},"publisher":{"@type":"Organization","name":"gratina.cz","logo":{"@type":"ImageObject","@id":"\/logo.png","url":"\/logo.png","width":600,"height":60}},"image":{"@type":"ImageObject","@id":"https:\/\/www.gratina.cz\/wp-content\/uploads\/car-3504910_640.jpg","url":"https:\/\/www.gratina.cz\/wp-content\/uploads\/car-3504910_640.jpg","height":0,"width":0},"wordCount":532,"keywords":null},{"@type":"Article","@id":"https:\/\/www.gratina.cz\/maturitni-vecirek-pod-party-stanem-s-oblibenou-profesorkou\/","headline":"Maturitn\u00ed ve\u010d\u00edrek pod party stanem s obl\u00edbenou profesorkou","url":"https:\/\/www.gratina.cz\/maturitni-vecirek-pod-party-stanem-s-oblibenou-profesorkou\/","datePublished":"2025-06-06","dateModified":"2025-06-06","mainEntityOfPage":"https:\/\/www.gratina.cz\/maturitni-vecirek-pod-party-stanem-s-oblibenou-profesorkou\/","author":{"@type":"Person","@id":"https:\/\/www.gratina.cz\/author\/#Person","name":"","url":"https:\/\/www.gratina.cz\/author\/","identifier":1,"image":{"@type":"ImageObject","@id":"https:\/\/secure.gravatar.com\/avatar\/091b4d684e9af597ec9885a078917281e353fb1084ff05c94355123dbb14e899?s=96&d=mm&r=g","url":"https:\/\/secure.gravatar.com\/avatar\/091b4d684e9af597ec9885a078917281e353fb1084ff05c94355123dbb14e899?s=96&d=mm&r=g","height":96,"width":96}},"publisher":{"@type":"Organization","name":"gratina.cz","logo":{"@type":"ImageObject","@id":"\/logo.png","url":"\/logo.png","width":600,"height":60}},"image":{"@type":"ImageObject","@id":"https:\/\/www.gratina.cz\/wp-content\/uploads\/couple-7714357_640.jpg","url":"https:\/\/www.gratina.cz\/wp-content\/uploads\/couple-7714357_640.jpg","height":0,"width":0},"wordCount":647,"keywords":null},{"@type":"Article","@id":"https:\/\/www.gratina.cz\/ako-dalej\/","headline":"Ako \u010falej?","url":"https:\/\/www.gratina.cz\/ako-dalej\/","datePublished":"2025-04-28","dateModified":"2025-04-28","mainEntityOfPage":"https:\/\/www.gratina.cz\/ako-dalej\/","author":{"@type":"Person","@id":"https:\/\/www.gratina.cz\/author\/#Person","name":"","url":"https:\/\/www.gratina.cz\/author\/","identifier":1,"image":{"@type":"ImageObject","@id":"https:\/\/secure.gravatar.com\/avatar\/091b4d684e9af597ec9885a078917281e353fb1084ff05c94355123dbb14e899?s=96&d=mm&r=g","url":"https:\/\/secure.gravatar.com\/avatar\/091b4d684e9af597ec9885a078917281e353fb1084ff05c94355123dbb14e899?s=96&d=mm&r=g","height":96,"width":96}},"publisher":{"@type":"Organization","name":"gratina.cz","logo":{"@type":"ImageObject","@id":"\/logo.png","url":"\/logo.png","width":600,"height":60}},"image":null,"wordCount":198,"keywords":null}]},{"@context":"https:\/\/schema.org","@type":"WebSite","@id":"https:\/\/www.gratina.cz\/#website","name":"Gratina","url":"https:\/\/www.gratina.cz","potentialAction":{"@type":"SearchAction","target":"https:\/\/www.gratina.cz\/?s={search_term_string}","query-input":"required name=search_term_string"}}]